{"id":4985,"date":"2024-03-05T17:14:08","date_gmt":"2024-03-05T17:14:08","guid":{"rendered":"https:\/\/guardianglobe.org\/?p=4985"},"modified":"2024-10-05T15:27:05","modified_gmt":"2024-10-05T19:27:05","slug":"brazilian-politics-polarization-persists-amid-signs-of-calmer-waters","status":"publish","type":"post","link":"https:\/\/guardianglobe.org\/?p=4985","title":{"rendered":"Brazilian Politics: Polarization Persists Amid Signs of Calmer Waters"},"content":{"rendered":"\n<p>Recent political developments in Brazil have highlighted the enduring polarization gripping the nation&#8217;s political landscape, despite some indications of a more cordial atmosphere emerging.<\/p>\n\n\n\n<p>In a series of events reminiscent of the heightened tensions preceding the 2022 presidential elections, President Luiz In\u00e1cio Lula da Silva sparked controversy with his off-the-cuff comparison of Israel&#8217;s conflict with Hamas to the Holocaust. This remark ignited heated debates between Lula&#8217;s supporters and critics, underscoring the deep-seated divisions within Brazilian society.<\/p>\n\n\n\n<p>Similarly, former president Jair Bolsonaro stirred the political pot with a fiery speech to thousands of supporters in S\u00e3o Paulo. The rally briefly devolved into accusations regarding attendance numbers, reflecting the charged atmosphere surrounding Bolsonaro&#8217;s political activities.<\/p>\n\n\n\n<p>Despite these incidents, recent polls indicate that over 90% of voters for either Lula or Bolsonaro do not regret their choice, underscoring the entrenched nature of Brazil&#8217;s polarization.<\/p>\n\n\n\n<p>However, amidst this political fervor, there are signs of a more tempered discourse emerging. A notable example is the seemingly amicable relationship between Lula and S\u00e3o Paulo governor Tarc\u00edsio de Freitas, a prot\u00e9g\u00e9 of Bolsonaro. Their willingness to collaborate on various initiatives suggests a departure from the acrimony that defined relations between left and right factions in the past.<\/p>\n\n\n\n<p>Furthermore, both Lula and Bolsonaro have refrained from launching personal attacks against each other, signaling a potential decrease in the intensity of political animosity.<\/p>\n\n\n\n<p>Another shift in the political landscape is the diversion of controversial debates towards foreign policy matters. While these discussions continue to satisfy the public&#8217;s appetite for polarization, they carry relatively lower stakes for Brazilian politics.<\/p>\n\n\n\n<p>Additionally, figures known for stoking conflict, such as far-right commentator Rodrigo Constantino, appear to have lost some of their influence. Similarly, polarizing figures like congressman Andr\u00e9 Janones have seen a decline in visibility, indicating a shift away from extreme rhetoric.<\/p>\n\n\n\n<p>Despite the persistence of polarization, there are indications that Brazil&#8217;s political stability is less threatened than in previous years. Even amid potential controversies, such as Bolsonaro&#8217;s potential ban from holding office, widespread chaos has not ensued, suggesting a level of resilience within the country&#8217;s democratic institutions.<\/p>\n\n\n\n<p>Overall, Brazil appears to be navigating towards calmer waters in its political discourse. While some polarization remains, the trend towards a more civil and nuanced debate is seen as a positive development for the nation&#8217;s democracy.<\/p>\n\n\n\n<p>As the world&#8217;s fifth-largest democracy, Brazil&#8217;s ability to manage its internal divisions will have significant implications not only domestically but also on the global stage.<\/p>\n","protected":false},"excerpt":{"rendered":"<p>Recent political developments in Brazil have highlighted the enduring polarization gripping the nation&#8217;s political landscape, despite some indications of a more cordial atmosphere emerging. In a series of events reminiscent of the heightened tensions preceding the 2022 presidential elections, President Luiz In\u00e1cio Lula da Silva sparked controversy with his off-the-cuff comparison of Israel&#8217;s conflict with<\/p>\n","protected":false},"author":1,"featured_media":4986,"comment_status":"closed","ping_status":"closed","sticky":false,"template":"","format":"standard","meta":{"footnotes":""},"categories":[25,19],"tags":[1411,1412,176,483,178,1413,1410,1415,1414,1416],"class_list":{"0":"post-4985","1":"post","2":"type-post","3":"status-publish","4":"format-standard","5":"has-post-thumbnail","7":"category-international","8":"category-politics","9":"tag-bolsonaro","10":"tag-brazilian-politics","11":"tag-controversy","12":"tag-democracy","13":"tag-foreign-policy","14":"tag-lula","15":"tag-polarization","16":"tag-political-discourse","17":"tag-political-stability","18":"tag-tarcisio-de-freitas"},"_links":{"self":[{"href":"https:\/\/guardianglobe.org\/index.php?rest_route=\/wp\/v2\/posts\/4985"}],"collection":[{"href":"https:\/\/guardianglobe.org\/index.php?rest_route=\/wp\/v2\/posts"}],"about":[{"href":"https:\/\/guardianglobe.org\/index.php?rest_route=\/wp\/v2\/types\/post"}],"author":[{"embeddable":true,"href":"https:\/\/guardianglobe.org\/index.php?rest_route=\/wp\/v2\/users\/1"}],"replies":[{"embeddable":true,"href":"https:\/\/guardianglobe.org\/index.php?rest_route=%2Fwp%2Fv2%2Fcomments&post=4985"}],"version-history":[{"count":1,"href":"https:\/\/guardianglobe.org\/index.php?rest_route=\/wp\/v2\/posts\/4985\/revisions"}],"predecessor-version":[{"id":4987,"href":"https:\/\/guardianglobe.org\/index.php?rest_route=\/wp\/v2\/posts\/4985\/revisions\/4987"}],"wp:featuredmedia":[{"embeddable":true,"href":"https:\/\/guardianglobe.org\/index.php?rest_route=\/wp\/v2\/media\/4986"}],"wp:attachment":[{"href":"https:\/\/guardianglobe.org\/index.php?rest_route=%2Fwp%2Fv2%2Fmedia&parent=4985"}],"wp:term":[{"taxonomy":"category","embeddable":true,"href":"https:\/\/guardianglobe.org\/index.php?rest_route=%2Fwp%2Fv2%2Fcategories&post=4985"},{"taxonomy":"post_tag","embeddable":true,"href":"https:\/\/guardianglobe.org\/index.php?rest_route=%2Fwp%2Fv2%2Ftags&post=4985"}],"curies":[{"name":"wp","href":"https:\/\/api.w.org\/{rel}","templated":true}]}}